{"id":30182,"date":"2024-10-10T12:11:43","date_gmt":"2024-10-10T10:11:43","guid":{"rendered":"https:\/\/ri-sante.ch\/?p=30182"},"modified":"2024-10-10T12:18:49","modified_gmt":"2024-10-10T10:18:49","slug":"formation-le-french-paradox","status":"publish","type":"post","link":"https:\/\/ri-sante.ch\/en\/formation-le-french-paradox\/","title":{"rendered":"Formation: &#8220;Le French Paradox&#8221;"},"content":{"rendered":"\n<p>C\u2019est dans le cadre du&nbsp;magnifique Genolier Innovation Hub (GIH) que notre partenaire Laboratoire Dr. RISCH a organis\u00e9 le <strong>21 septembre 2024<\/strong> une formation continue de tr\u00e8s haut niveau sur le th\u00e8me du<\/p>\n\n\n\n<h2 class=\"wp-block-heading has-text-align-center\">&#8220;Le <strong>French Paradox<\/strong>&#8220;<\/h2>\n\n\n\n<p>Le Prof. <strong>Vincent CASTRONOVO<\/strong> nous a emmen\u00e9 une fois encore dans les m\u00e9andres de la biochimie afin de ma\u00eetriser mieux encore les subtilit\u00e9s du vivant microscopique.<\/p>\n\n\n\n<p>Une d\u00e9l\u00e9gation de huit membres du RISA s\u2019est retrouv\u00e9e pour cette occasion et a profit\u00e9 de rencontrer de nombreux autres professionnels de sant\u00e9.<\/p>\n\n\n\n<p>Merci \u00e0 <strong>Rozenn MASSON<\/strong> de nous avoir associ\u00e9 \u00e0 cet \u00e9v\u00e9nement.<\/p>\n\n\n\n<div style=\"height:100px\" aria-hidden=\"true\" class=\"wp-block-spacer\"><\/div>\n\n\n\n<figure class=\"wp-block-gallery has-nested-images columns-default is-cropped wp-block-gallery-1 is-layout-flex wp-block-gallery-is-layout-flex\">\n<figure class=\"wp-block-image size-large\"><img loading=\"lazy\" decoding=\"async\" width=\"1024\" height=\"768\" data-id=\"30185\" src=\"https:\/\/ri-sante.ch\/wp-content\/uploads\/2024\/10\/IMG_4694-1024x768.jpeg\" alt=\"\" class=\"wp-image-30185\" srcset=\"https:\/\/ri-sante.ch\/wp-content\/uploads\/2024\/10\/IMG_4694-1024x768.jpeg 1024w, https:\/\/ri-sante.ch\/wp-content\/uploads\/2024\/10\/IMG_4694-980x735.jpeg 980w, https:\/\/ri-sante.ch\/wp-content\/uploads\/2024\/10\/IMG_4694-480x360.jpeg 480w\" sizes=\"(min-width: 0px) and (max-width: 480px) 480px, (min-width: 481px) and (max-width: 980px) 980px, (min-width: 981px) 1024px, 100vw\" \/><\/figure>\n\n\n\n<figure class=\"wp-block-image size-large\"><img loading=\"lazy\" decoding=\"async\" width=\"640\" height=\"480\" data-id=\"30183\" src=\"https:\/\/ri-sante.ch\/wp-content\/uploads\/2024\/10\/IMG_4724.jpg\" alt=\"\" class=\"wp-image-30183\" srcset=\"https:\/\/ri-sante.ch\/wp-content\/uploads\/2024\/10\/IMG_4724.jpg 640w, https:\/\/ri-sante.ch\/wp-content\/uploads\/2024\/10\/IMG_4724-480x360.jpg 480w\" sizes=\"(min-width: 0px) and (max-width: 480px) 480px, (min-width: 481px) 640px, 100vw\" \/><\/figure>\n<\/figure>\n\n\n\n<figure class=\"wp-block-image aligncenter size-large\"><img loading=\"lazy\" decoding=\"async\" width=\"960\" height=\"435\" src=\"https:\/\/ri-sante.ch\/wp-content\/uploads\/2024\/10\/image002.jpg\" alt=\"\" class=\"wp-image-30187\" srcset=\"https:\/\/ri-sante.ch\/wp-content\/uploads\/2024\/10\/image002.jpg 960w, https:\/\/ri-sante.ch\/wp-content\/uploads\/2024\/10\/image002-480x218.jpg 480w\" sizes=\"(min-width: 0px) and (max-width: 480px) 480px, (min-width: 481px) 960px, 100vw\" \/><\/figure>\n\n\n\n<div style=\"height:54px\" aria-hidden=\"true\" class=\"wp-block-spacer\"><\/div>\n\n\n\n<figure class=\"wp-block-image aligncenter size-full is-resized\"><img loading=\"lazy\" decoding=\"async\" width=\"762\" height=\"206\" src=\"https:\/\/ri-sante.ch\/wp-content\/uploads\/2023\/05\/Screenshot-2023-05-29-at-08.58.52.png\" alt=\"\" class=\"wp-image-29632\" style=\"width:194px;height:auto\" srcset=\"https:\/\/ri-sante.ch\/wp-content\/uploads\/2023\/05\/Screenshot-2023-05-29-at-08.58.52.png 762w, https:\/\/ri-sante.ch\/wp-content\/uploads\/2023\/05\/Screenshot-2023-05-29-at-08.58.52-480x130.png 480w\" sizes=\"(min-width: 0px) and (max-width: 480px) 480px, (min-width: 481px) 762px, 100vw\" \/><\/figure>\n","protected":false},"excerpt":{"rendered":"<p>C\u2019est dans le cadre du&nbsp;magnifique Genolier Innovation Hub (GIH) que notre partenaire Laboratoire Dr. RISCH a organis\u00e9 le 21 septembre 2024 une formation continue de tr\u00e8s haut niveau sur le th\u00e8me du &#8220;Le French Paradox&#8220; Le Prof. Vincent CASTRONOVO nous a emmen\u00e9 une fois encore dans les m\u00e9andres de la biochimie afin de ma\u00eetriser mieux [&hellip;]<\/p>\n","protected":false},"author":1,"featured_media":30187,"comment_status":"open","ping_status":"open","sticky":false,"template":"","format":"standard","meta":{"_et_pb_use_builder":"off","_et_pb_old_content":"","_et_gb_content_width":"","footnotes":""},"categories":[16],"tags":[],"class_list":["post-30182","post","type-post","status-publish","format-standard","has-post-thumbnail","hentry","category-evenements"],"yoast_head":"<!-- This site is optimized with the Yoast SEO plugin v27.4 - https:\/\/yoast.com\/product\/yoast-seo-wordpress\/ -->\n<title>Formation: &quot;Le French Paradox&quot; - R\u00e9seau Interdisciplinaire de Sant\u00e9 (RISA)<\/title>\n<meta name=\"robots\" content=\"index, follow, max-snippet:-1, max-image-preview:large, max-video-preview:-1\" \/>\n<link rel=\"canonical\" href=\"https:\/\/ri-sante.ch\/en\/formation-le-french-paradox\/\" \/>\n<meta property=\"og:locale\" content=\"en_US\" \/>\n<meta property=\"og:type\" content=\"article\" \/>\n<meta property=\"og:title\" content=\"Formation: &quot;Le French Paradox&quot; - R\u00e9seau Interdisciplinaire de Sant\u00e9 (RISA)\" \/>\n<meta property=\"og:description\" content=\"C\u2019est dans le cadre du&nbsp;magnifique Genolier Innovation Hub (GIH) que notre partenaire Laboratoire Dr. RISCH a organis\u00e9 le 21 septembre 2024 une formation continue de tr\u00e8s haut niveau sur le th\u00e8me du &#8220;Le French Paradox&#8220; Le Prof. Vincent CASTRONOVO nous a emmen\u00e9 une fois encore dans les m\u00e9andres de la biochimie afin de ma\u00eetriser mieux [&hellip;]\" \/>\n<meta property=\"og:url\" content=\"https:\/\/ri-sante.ch\/en\/formation-le-french-paradox\/\" \/>\n<meta property=\"og:site_name\" content=\"R\u00e9seau Interdisciplinaire de Sant\u00e9 (RISA)\" \/>\n<meta property=\"article:published_time\" content=\"2024-10-10T10:11:43+00:00\" \/>\n<meta property=\"article:modified_time\" content=\"2024-10-10T10:18:49+00:00\" \/>\n<meta property=\"og:image\" content=\"https:\/\/ri-sante.ch\/wp-content\/uploads\/2024\/10\/image002.jpg\" \/>\n\t<meta property=\"og:image:width\" content=\"960\" \/>\n\t<meta property=\"og:image:height\" content=\"435\" \/>\n\t<meta property=\"og:image:type\" content=\"image\/jpeg\" \/>\n<meta name=\"author\" content=\"admin\" \/>\n<meta name=\"twitter:card\" content=\"summary_large_image\" \/>\n<meta name=\"twitter:label1\" content=\"Written by\" \/>\n\t<meta name=\"twitter:data1\" content=\"admin\" \/>\n\t<meta name=\"twitter:label2\" content=\"Est. reading time\" \/>\n\t<meta name=\"twitter:data2\" content=\"2 minutes\" \/>\n<script type=\"application\/ld+json\" class=\"yoast-schema-graph\">{\"@context\":\"https:\\\/\\\/schema.org\",\"@graph\":[{\"@type\":\"Article\",\"@id\":\"https:\\\/\\\/ri-sante.ch\\\/en\\\/formation-le-french-paradox\\\/#article\",\"isPartOf\":{\"@id\":\"https:\\\/\\\/ri-sante.ch\\\/en\\\/formation-le-french-paradox\\\/\"},\"author\":{\"name\":\"admin\",\"@id\":\"https:\\\/\\\/ri-sante.ch\\\/en\\\/#\\\/schema\\\/person\\\/499a2262a7f39e5f9999ef9e55e5145e\"},\"headline\":\"Formation: &#8220;Le French Paradox&#8221;\",\"datePublished\":\"2024-10-10T10:11:43+00:00\",\"dateModified\":\"2024-10-10T10:18:49+00:00\",\"mainEntityOfPage\":{\"@id\":\"https:\\\/\\\/ri-sante.ch\\\/en\\\/formation-le-french-paradox\\\/\"},\"wordCount\":108,\"commentCount\":0,\"publisher\":{\"@id\":\"https:\\\/\\\/ri-sante.ch\\\/en\\\/#organization\"},\"image\":{\"@id\":\"https:\\\/\\\/ri-sante.ch\\\/en\\\/formation-le-french-paradox\\\/#primaryimage\"},\"thumbnailUrl\":\"https:\\\/\\\/ri-sante.ch\\\/wp-content\\\/uploads\\\/2024\\\/10\\\/image002.jpg\",\"articleSection\":[\"\u00c9v\u00e9nements\"],\"inLanguage\":\"en-US\",\"potentialAction\":[{\"@type\":\"CommentAction\",\"name\":\"Comment\",\"target\":[\"https:\\\/\\\/ri-sante.ch\\\/en\\\/formation-le-french-paradox\\\/#respond\"]}]},{\"@type\":\"WebPage\",\"@id\":\"https:\\\/\\\/ri-sante.ch\\\/en\\\/formation-le-french-paradox\\\/\",\"url\":\"https:\\\/\\\/ri-sante.ch\\\/en\\\/formation-le-french-paradox\\\/\",\"name\":\"Formation: \\\"Le French Paradox\\\" - R\u00e9seau Interdisciplinaire de Sant\u00e9 (RISA)\",\"isPartOf\":{\"@id\":\"https:\\\/\\\/ri-sante.ch\\\/en\\\/#website\"},\"primaryImageOfPage\":{\"@id\":\"https:\\\/\\\/ri-sante.ch\\\/en\\\/formation-le-french-paradox\\\/#primaryimage\"},\"image\":{\"@id\":\"https:\\\/\\\/ri-sante.ch\\\/en\\\/formation-le-french-paradox\\\/#primaryimage\"},\"thumbnailUrl\":\"https:\\\/\\\/ri-sante.ch\\\/wp-content\\\/uploads\\\/2024\\\/10\\\/image002.jpg\",\"datePublished\":\"2024-10-10T10:11:43+00:00\",\"dateModified\":\"2024-10-10T10:18:49+00:00\",\"breadcrumb\":{\"@id\":\"https:\\\/\\\/ri-sante.ch\\\/en\\\/formation-le-french-paradox\\\/#breadcrumb\"},\"inLanguage\":\"en-US\",\"potentialAction\":[{\"@type\":\"ReadAction\",\"target\":[\"https:\\\/\\\/ri-sante.ch\\\/en\\\/formation-le-french-paradox\\\/\"]}]},{\"@type\":\"ImageObject\",\"inLanguage\":\"en-US\",\"@id\":\"https:\\\/\\\/ri-sante.ch\\\/en\\\/formation-le-french-paradox\\\/#primaryimage\",\"url\":\"https:\\\/\\\/ri-sante.ch\\\/wp-content\\\/uploads\\\/2024\\\/10\\\/image002.jpg\",\"contentUrl\":\"https:\\\/\\\/ri-sante.ch\\\/wp-content\\\/uploads\\\/2024\\\/10\\\/image002.jpg\",\"width\":960,\"height\":435},{\"@type\":\"BreadcrumbList\",\"@id\":\"https:\\\/\\\/ri-sante.ch\\\/en\\\/formation-le-french-paradox\\\/#breadcrumb\",\"itemListElement\":[{\"@type\":\"ListItem\",\"position\":1,\"name\":\"Home\",\"item\":\"https:\\\/\\\/ri-sante.ch\\\/en\\\/home\\\/\"},{\"@type\":\"ListItem\",\"position\":2,\"name\":\"Formation: &#8220;Le French Paradox&#8221;\"}]},{\"@type\":\"WebSite\",\"@id\":\"https:\\\/\\\/ri-sante.ch\\\/en\\\/#website\",\"url\":\"https:\\\/\\\/ri-sante.ch\\\/en\\\/\",\"name\":\"R\u00e9seau Interdisciplinaire de Sant\u00e9 (RISA)\",\"description\":\"RISA - L&#039;expertise de la m\u00e9decine int\u00e9grative pour une sant\u00e9 globale optimale.\",\"publisher\":{\"@id\":\"https:\\\/\\\/ri-sante.ch\\\/en\\\/#organization\"},\"potentialAction\":[{\"@type\":\"SearchAction\",\"target\":{\"@type\":\"EntryPoint\",\"urlTemplate\":\"https:\\\/\\\/ri-sante.ch\\\/en\\\/?s={search_term_string}\"},\"query-input\":{\"@type\":\"PropertyValueSpecification\",\"valueRequired\":true,\"valueName\":\"search_term_string\"}}],\"inLanguage\":\"en-US\"},{\"@type\":\"Organization\",\"@id\":\"https:\\\/\\\/ri-sante.ch\\\/en\\\/#organization\",\"name\":\"R\u00e9seau Interdisciplinaire de Sant\u00e9 (RISA)\",\"alternateName\":\"R\u00e9seau Interdisciplinaire de Sant\u00e9 (RISA)\",\"url\":\"https:\\\/\\\/ri-sante.ch\\\/en\\\/\",\"logo\":{\"@type\":\"ImageObject\",\"inLanguage\":\"en-US\",\"@id\":\"https:\\\/\\\/ri-sante.ch\\\/en\\\/#\\\/schema\\\/logo\\\/image\\\/\",\"url\":\"https:\\\/\\\/ri-sante.ch\\\/wp-content\\\/uploads\\\/2023\\\/05\\\/Screenshot-2023-04-14-at-10.37.51.png\",\"contentUrl\":\"https:\\\/\\\/ri-sante.ch\\\/wp-content\\\/uploads\\\/2023\\\/05\\\/Screenshot-2023-04-14-at-10.37.51.png\",\"width\":516,\"height\":240,\"caption\":\"R\u00e9seau Interdisciplinaire de Sant\u00e9 (RISA)\"},\"image\":{\"@id\":\"https:\\\/\\\/ri-sante.ch\\\/en\\\/#\\\/schema\\\/logo\\\/image\\\/\"}},{\"@type\":\"Person\",\"@id\":\"https:\\\/\\\/ri-sante.ch\\\/en\\\/#\\\/schema\\\/person\\\/499a2262a7f39e5f9999ef9e55e5145e\",\"name\":\"admin\",\"image\":{\"@type\":\"ImageObject\",\"inLanguage\":\"en-US\",\"@id\":\"https:\\\/\\\/secure.gravatar.com\\\/avatar\\\/42041b1812618d0dc92ccea395cdb183f6914dcce1552d090e2669ed618dabae?s=96&d=mm&r=g\",\"url\":\"https:\\\/\\\/secure.gravatar.com\\\/avatar\\\/42041b1812618d0dc92ccea395cdb183f6914dcce1552d090e2669ed618dabae?s=96&d=mm&r=g\",\"contentUrl\":\"https:\\\/\\\/secure.gravatar.com\\\/avatar\\\/42041b1812618d0dc92ccea395cdb183f6914dcce1552d090e2669ed618dabae?s=96&d=mm&r=g\",\"caption\":\"admin\"},\"sameAs\":[\"http:\\\/\\\/ri-sante.ch\"],\"url\":\"https:\\\/\\\/ri-sante.ch\\\/en\\\/author\\\/admin\\\/\"}]}<\/script>\n<!-- \/ Yoast SEO plugin. -->","yoast_head_json":{"title":"Formation: \"Le French Paradox\" - R\u00e9seau Interdisciplinaire de Sant\u00e9 (RISA)","robots":{"index":"index","follow":"follow","max-snippet":"max-snippet:-1","max-image-preview":"max-image-preview:large","max-video-preview":"max-video-preview:-1"},"canonical":"https:\/\/ri-sante.ch\/en\/formation-le-french-paradox\/","og_locale":"en_US","og_type":"article","og_title":"Formation: \"Le French Paradox\" - R\u00e9seau Interdisciplinaire de Sant\u00e9 (RISA)","og_description":"C\u2019est dans le cadre du&nbsp;magnifique Genolier Innovation Hub (GIH) que notre partenaire Laboratoire Dr. RISCH a organis\u00e9 le 21 septembre 2024 une formation continue de tr\u00e8s haut niveau sur le th\u00e8me du &#8220;Le French Paradox&#8220; Le Prof. Vincent CASTRONOVO nous a emmen\u00e9 une fois encore dans les m\u00e9andres de la biochimie afin de ma\u00eetriser mieux [&hellip;]","og_url":"https:\/\/ri-sante.ch\/en\/formation-le-french-paradox\/","og_site_name":"R\u00e9seau Interdisciplinaire de Sant\u00e9 (RISA)","article_published_time":"2024-10-10T10:11:43+00:00","article_modified_time":"2024-10-10T10:18:49+00:00","og_image":[{"width":960,"height":435,"url":"https:\/\/ri-sante.ch\/wp-content\/uploads\/2024\/10\/image002.jpg","type":"image\/jpeg"}],"author":"admin","twitter_card":"summary_large_image","twitter_misc":{"Written by":"admin","Est. reading time":"2 minutes"},"schema":{"@context":"https:\/\/schema.org","@graph":[{"@type":"Article","@id":"https:\/\/ri-sante.ch\/en\/formation-le-french-paradox\/#article","isPartOf":{"@id":"https:\/\/ri-sante.ch\/en\/formation-le-french-paradox\/"},"author":{"name":"admin","@id":"https:\/\/ri-sante.ch\/en\/#\/schema\/person\/499a2262a7f39e5f9999ef9e55e5145e"},"headline":"Formation: &#8220;Le French Paradox&#8221;","datePublished":"2024-10-10T10:11:43+00:00","dateModified":"2024-10-10T10:18:49+00:00","mainEntityOfPage":{"@id":"https:\/\/ri-sante.ch\/en\/formation-le-french-paradox\/"},"wordCount":108,"commentCount":0,"publisher":{"@id":"https:\/\/ri-sante.ch\/en\/#organization"},"image":{"@id":"https:\/\/ri-sante.ch\/en\/formation-le-french-paradox\/#primaryimage"},"thumbnailUrl":"https:\/\/ri-sante.ch\/wp-content\/uploads\/2024\/10\/image002.jpg","articleSection":["\u00c9v\u00e9nements"],"inLanguage":"en-US","potentialAction":[{"@type":"CommentAction","name":"Comment","target":["https:\/\/ri-sante.ch\/en\/formation-le-french-paradox\/#respond"]}]},{"@type":"WebPage","@id":"https:\/\/ri-sante.ch\/en\/formation-le-french-paradox\/","url":"https:\/\/ri-sante.ch\/en\/formation-le-french-paradox\/","name":"Formation: \"Le French Paradox\" - R\u00e9seau Interdisciplinaire de Sant\u00e9 (RISA)","isPartOf":{"@id":"https:\/\/ri-sante.ch\/en\/#website"},"primaryImageOfPage":{"@id":"https:\/\/ri-sante.ch\/en\/formation-le-french-paradox\/#primaryimage"},"image":{"@id":"https:\/\/ri-sante.ch\/en\/formation-le-french-paradox\/#primaryimage"},"thumbnailUrl":"https:\/\/ri-sante.ch\/wp-content\/uploads\/2024\/10\/image002.jpg","datePublished":"2024-10-10T10:11:43+00:00","dateModified":"2024-10-10T10:18:49+00:00","breadcrumb":{"@id":"https:\/\/ri-sante.ch\/en\/formation-le-french-paradox\/#breadcrumb"},"inLanguage":"en-US","potentialAction":[{"@type":"ReadAction","target":["https:\/\/ri-sante.ch\/en\/formation-le-french-paradox\/"]}]},{"@type":"ImageObject","inLanguage":"en-US","@id":"https:\/\/ri-sante.ch\/en\/formation-le-french-paradox\/#primaryimage","url":"https:\/\/ri-sante.ch\/wp-content\/uploads\/2024\/10\/image002.jpg","contentUrl":"https:\/\/ri-sante.ch\/wp-content\/uploads\/2024\/10\/image002.jpg","width":960,"height":435},{"@type":"BreadcrumbList","@id":"https:\/\/ri-sante.ch\/en\/formation-le-french-paradox\/#breadcrumb","itemListElement":[{"@type":"ListItem","position":1,"name":"Home","item":"https:\/\/ri-sante.ch\/en\/home\/"},{"@type":"ListItem","position":2,"name":"Formation: &#8220;Le French Paradox&#8221;"}]},{"@type":"WebSite","@id":"https:\/\/ri-sante.ch\/en\/#website","url":"https:\/\/ri-sante.ch\/en\/","name":"R\u00e9seau Interdisciplinaire de Sant\u00e9 (RISA)","description":"RISA - L&#039;expertise de la m\u00e9decine int\u00e9grative pour une sant\u00e9 globale optimale.","publisher":{"@id":"https:\/\/ri-sante.ch\/en\/#organization"},"potentialAction":[{"@type":"SearchAction","target":{"@type":"EntryPoint","urlTemplate":"https:\/\/ri-sante.ch\/en\/?s={search_term_string}"},"query-input":{"@type":"PropertyValueSpecification","valueRequired":true,"valueName":"search_term_string"}}],"inLanguage":"en-US"},{"@type":"Organization","@id":"https:\/\/ri-sante.ch\/en\/#organization","name":"R\u00e9seau Interdisciplinaire de Sant\u00e9 (RISA)","alternateName":"R\u00e9seau Interdisciplinaire de Sant\u00e9 (RISA)","url":"https:\/\/ri-sante.ch\/en\/","logo":{"@type":"ImageObject","inLanguage":"en-US","@id":"https:\/\/ri-sante.ch\/en\/#\/schema\/logo\/image\/","url":"https:\/\/ri-sante.ch\/wp-content\/uploads\/2023\/05\/Screenshot-2023-04-14-at-10.37.51.png","contentUrl":"https:\/\/ri-sante.ch\/wp-content\/uploads\/2023\/05\/Screenshot-2023-04-14-at-10.37.51.png","width":516,"height":240,"caption":"R\u00e9seau Interdisciplinaire de Sant\u00e9 (RISA)"},"image":{"@id":"https:\/\/ri-sante.ch\/en\/#\/schema\/logo\/image\/"}},{"@type":"Person","@id":"https:\/\/ri-sante.ch\/en\/#\/schema\/person\/499a2262a7f39e5f9999ef9e55e5145e","name":"admin","image":{"@type":"ImageObject","inLanguage":"en-US","@id":"https:\/\/secure.gravatar.com\/avatar\/42041b1812618d0dc92ccea395cdb183f6914dcce1552d090e2669ed618dabae?s=96&d=mm&r=g","url":"https:\/\/secure.gravatar.com\/avatar\/42041b1812618d0dc92ccea395cdb183f6914dcce1552d090e2669ed618dabae?s=96&d=mm&r=g","contentUrl":"https:\/\/secure.gravatar.com\/avatar\/42041b1812618d0dc92ccea395cdb183f6914dcce1552d090e2669ed618dabae?s=96&d=mm&r=g","caption":"admin"},"sameAs":["http:\/\/ri-sante.ch"],"url":"https:\/\/ri-sante.ch\/en\/author\/admin\/"}]}},"_links":{"self":[{"href":"https:\/\/ri-sante.ch\/en\/wp-json\/wp\/v2\/posts\/30182","targetHints":{"allow":["GET"]}}],"collection":[{"href":"https:\/\/ri-sante.ch\/en\/wp-json\/wp\/v2\/posts"}],"about":[{"href":"https:\/\/ri-sante.ch\/en\/wp-json\/wp\/v2\/types\/post"}],"author":[{"embeddable":true,"href":"https:\/\/ri-sante.ch\/en\/wp-json\/wp\/v2\/users\/1"}],"replies":[{"embeddable":true,"href":"https:\/\/ri-sante.ch\/en\/wp-json\/wp\/v2\/comments?post=30182"}],"version-history":[{"count":6,"href":"https:\/\/ri-sante.ch\/en\/wp-json\/wp\/v2\/posts\/30182\/revisions"}],"predecessor-version":[{"id":30201,"href":"https:\/\/ri-sante.ch\/en\/wp-json\/wp\/v2\/posts\/30182\/revisions\/30201"}],"wp:featuredmedia":[{"embeddable":true,"href":"https:\/\/ri-sante.ch\/en\/wp-json\/wp\/v2\/media\/30187"}],"wp:attachment":[{"href":"https:\/\/ri-sante.ch\/en\/wp-json\/wp\/v2\/media?parent=30182"}],"wp:term":[{"taxonomy":"category","embeddable":true,"href":"https:\/\/ri-sante.ch\/en\/wp-json\/wp\/v2\/categories?post=30182"},{"taxonomy":"post_tag","embeddable":true,"href":"https:\/\/ri-sante.ch\/en\/wp-json\/wp\/v2\/tags?post=30182"}],"curies":[{"name":"wp","href":"https:\/\/api.w.org\/{rel}","templated":true}]}}