{"id":30055,"date":"2023-11-06T18:51:59","date_gmt":"2023-11-06T17:51:59","guid":{"rendered":"https:\/\/ri-sante.ch\/?p=30055"},"modified":"2023-11-10T08:14:05","modified_gmt":"2023-11-10T07:14:05","slug":"meditation-medecine-et-neurosciences","status":"publish","type":"post","link":"https:\/\/ri-sante.ch\/en\/meditation-medecine-et-neurosciences\/","title":{"rendered":"M\u00e9ditation, m\u00e9decine et neurosciences"},"content":{"rendered":"\n<p class=\"has-text-align-left\">Christophe Andr\u00e9 &#8211; \u00c9tudes 2018\/12 (D\u00e9cembre) \u00c9ditions SER<\/p>\n\n\n\n<div data-wp-interactive=\"core\/file\" class=\"wp-block-file alignwide\"><object data-wp-bind--hidden=\"!state.hasPdfPreview\" hidden class=\"wp-block-file__embed\" data=\"https:\/\/ri-sante.ch\/wp-content\/uploads\/2023\/11\/ETU-4255-0049.pdf\" type=\"application\/pdf\" style=\"width:100%;height:600px\" aria-label=\"Embed of ETU-4255-0049.\"><\/object><a id=\"wp-block-file--media-9460b890-a405-454b-9958-467d9a1f96b7\" href=\"https:\/\/ri-sante.ch\/wp-content\/uploads\/2023\/11\/ETU-4255-0049.pdf\">ETU-4255-0049<\/a><a href=\"https:\/\/ri-sante.ch\/wp-content\/uploads\/2023\/11\/ETU-4255-0049.pdf\" class=\"wp-block-file__button wp-element-button\" download aria-describedby=\"wp-block-file--media-9460b890-a405-454b-9958-467d9a1f96b7\">T\u00e9l\u00e9charger<\/a><\/div>\n\n\n\n<div style=\"height:699px\" aria-hidden=\"true\" class=\"wp-block-spacer\"><\/div>\n","protected":false},"excerpt":{"rendered":"<p>Christophe Andr\u00e9 &#8211; \u00c9tudes 2018\/12 (D\u00e9cembre) \u00c9ditions SER<\/p>\n","protected":false},"author":2,"featured_media":30072,"comment_status":"open","ping_status":"open","sticky":false,"template":"","format":"standard","meta":{"_et_pb_use_builder":"off","_et_pb_old_content":"","_et_gb_content_width":"","footnotes":""},"categories":[14],"tags":[],"class_list":["post-30055","post","type-post","status-publish","format-standard","has-post-thumbnail","hentry","category-medical"],"yoast_head":"<!-- This site is optimized with the Yoast SEO plugin v27.4 - https:\/\/yoast.com\/product\/yoast-seo-wordpress\/ -->\n<title>M\u00e9ditation, m\u00e9decine et neurosciences - R\u00e9seau Interdisciplinaire de Sant\u00e9 (RISA)<\/title>\n<meta name=\"robots\" content=\"index, follow, max-snippet:-1, max-image-preview:large, max-video-preview:-1\" \/>\n<link rel=\"canonical\" href=\"https:\/\/ri-sante.ch\/en\/meditation-medecine-et-neurosciences\/\" \/>\n<meta property=\"og:locale\" content=\"en_US\" \/>\n<meta property=\"og:type\" content=\"article\" \/>\n<meta property=\"og:title\" content=\"M\u00e9ditation, m\u00e9decine et neurosciences - R\u00e9seau Interdisciplinaire de Sant\u00e9 (RISA)\" \/>\n<meta property=\"og:description\" content=\"Christophe Andr\u00e9 &#8211; \u00c9tudes 2018\/12 (D\u00e9cembre) \u00c9ditions SER\" \/>\n<meta property=\"og:url\" content=\"https:\/\/ri-sante.ch\/en\/meditation-medecine-et-neurosciences\/\" \/>\n<meta property=\"og:site_name\" content=\"R\u00e9seau Interdisciplinaire de Sant\u00e9 (RISA)\" \/>\n<meta property=\"article:published_time\" content=\"2023-11-06T17:51:59+00:00\" \/>\n<meta property=\"article:modified_time\" content=\"2023-11-10T07:14:05+00:00\" \/>\n<meta property=\"og:image\" content=\"https:\/\/ri-sante.ch\/wp-content\/uploads\/2023\/11\/pexels-rainer-eck-6867682-e1699598627626.jpg\" \/>\n\t<meta property=\"og:image:width\" content=\"1280\" \/>\n\t<meta property=\"og:image:height\" content=\"721\" \/>\n\t<meta property=\"og:image:type\" content=\"image\/jpeg\" \/>\n<meta name=\"author\" content=\"Philippe Monnier\" \/>\n<meta name=\"twitter:card\" content=\"summary_large_image\" \/>\n<meta name=\"twitter:label1\" content=\"Written by\" \/>\n\t<meta name=\"twitter:data1\" content=\"Philippe Monnier\" \/>\n\t<meta name=\"twitter:label2\" content=\"Est. reading time\" \/>\n\t<meta name=\"twitter:data2\" content=\"1 minute\" \/>\n<script type=\"application\/ld+json\" class=\"yoast-schema-graph\">{\"@context\":\"https:\\\/\\\/schema.org\",\"@graph\":[{\"@type\":\"Article\",\"@id\":\"https:\\\/\\\/ri-sante.ch\\\/en\\\/meditation-medecine-et-neurosciences\\\/#article\",\"isPartOf\":{\"@id\":\"https:\\\/\\\/ri-sante.ch\\\/en\\\/meditation-medecine-et-neurosciences\\\/\"},\"author\":{\"name\":\"Philippe Monnier\",\"@id\":\"https:\\\/\\\/ri-sante.ch\\\/en\\\/#\\\/schema\\\/person\\\/36be49a7ce1aab96688d50ed7b837959\"},\"headline\":\"M\u00e9ditation, m\u00e9decine et neurosciences\",\"datePublished\":\"2023-11-06T17:51:59+00:00\",\"dateModified\":\"2023-11-10T07:14:05+00:00\",\"mainEntityOfPage\":{\"@id\":\"https:\\\/\\\/ri-sante.ch\\\/en\\\/meditation-medecine-et-neurosciences\\\/\"},\"wordCount\":19,\"commentCount\":0,\"publisher\":{\"@id\":\"https:\\\/\\\/ri-sante.ch\\\/en\\\/#organization\"},\"image\":{\"@id\":\"https:\\\/\\\/ri-sante.ch\\\/en\\\/meditation-medecine-et-neurosciences\\\/#primaryimage\"},\"thumbnailUrl\":\"https:\\\/\\\/ri-sante.ch\\\/wp-content\\\/uploads\\\/2023\\\/11\\\/pexels-rainer-eck-6867682-e1699598627626.jpg\",\"articleSection\":[\"M\u00e9dical\"],\"inLanguage\":\"en-US\",\"potentialAction\":[{\"@type\":\"CommentAction\",\"name\":\"Comment\",\"target\":[\"https:\\\/\\\/ri-sante.ch\\\/en\\\/meditation-medecine-et-neurosciences\\\/#respond\"]}]},{\"@type\":\"WebPage\",\"@id\":\"https:\\\/\\\/ri-sante.ch\\\/en\\\/meditation-medecine-et-neurosciences\\\/\",\"url\":\"https:\\\/\\\/ri-sante.ch\\\/en\\\/meditation-medecine-et-neurosciences\\\/\",\"name\":\"M\u00e9ditation, m\u00e9decine et neurosciences - R\u00e9seau Interdisciplinaire de Sant\u00e9 (RISA)\",\"isPartOf\":{\"@id\":\"https:\\\/\\\/ri-sante.ch\\\/en\\\/#website\"},\"primaryImageOfPage\":{\"@id\":\"https:\\\/\\\/ri-sante.ch\\\/en\\\/meditation-medecine-et-neurosciences\\\/#primaryimage\"},\"image\":{\"@id\":\"https:\\\/\\\/ri-sante.ch\\\/en\\\/meditation-medecine-et-neurosciences\\\/#primaryimage\"},\"thumbnailUrl\":\"https:\\\/\\\/ri-sante.ch\\\/wp-content\\\/uploads\\\/2023\\\/11\\\/pexels-rainer-eck-6867682-e1699598627626.jpg\",\"datePublished\":\"2023-11-06T17:51:59+00:00\",\"dateModified\":\"2023-11-10T07:14:05+00:00\",\"breadcrumb\":{\"@id\":\"https:\\\/\\\/ri-sante.ch\\\/en\\\/meditation-medecine-et-neurosciences\\\/#breadcrumb\"},\"inLanguage\":\"en-US\",\"potentialAction\":[{\"@type\":\"ReadAction\",\"target\":[\"https:\\\/\\\/ri-sante.ch\\\/en\\\/meditation-medecine-et-neurosciences\\\/\"]}]},{\"@type\":\"ImageObject\",\"inLanguage\":\"en-US\",\"@id\":\"https:\\\/\\\/ri-sante.ch\\\/en\\\/meditation-medecine-et-neurosciences\\\/#primaryimage\",\"url\":\"https:\\\/\\\/ri-sante.ch\\\/wp-content\\\/uploads\\\/2023\\\/11\\\/pexels-rainer-eck-6867682-e1699598627626.jpg\",\"contentUrl\":\"https:\\\/\\\/ri-sante.ch\\\/wp-content\\\/uploads\\\/2023\\\/11\\\/pexels-rainer-eck-6867682-e1699598627626.jpg\",\"width\":1280,\"height\":721},{\"@type\":\"BreadcrumbList\",\"@id\":\"https:\\\/\\\/ri-sante.ch\\\/en\\\/meditation-medecine-et-neurosciences\\\/#breadcrumb\",\"itemListElement\":[{\"@type\":\"ListItem\",\"position\":1,\"name\":\"Home\",\"item\":\"https:\\\/\\\/ri-sante.ch\\\/en\\\/home\\\/\"},{\"@type\":\"ListItem\",\"position\":2,\"name\":\"M\u00e9ditation, m\u00e9decine et neurosciences\"}]},{\"@type\":\"WebSite\",\"@id\":\"https:\\\/\\\/ri-sante.ch\\\/en\\\/#website\",\"url\":\"https:\\\/\\\/ri-sante.ch\\\/en\\\/\",\"name\":\"R\u00e9seau Interdisciplinaire de Sant\u00e9 (RISA)\",\"description\":\"RISA - L&#039;expertise de la m\u00e9decine int\u00e9grative pour une sant\u00e9 globale optimale.\",\"publisher\":{\"@id\":\"https:\\\/\\\/ri-sante.ch\\\/en\\\/#organization\"},\"potentialAction\":[{\"@type\":\"SearchAction\",\"target\":{\"@type\":\"EntryPoint\",\"urlTemplate\":\"https:\\\/\\\/ri-sante.ch\\\/en\\\/?s={search_term_string}\"},\"query-input\":{\"@type\":\"PropertyValueSpecification\",\"valueRequired\":true,\"valueName\":\"search_term_string\"}}],\"inLanguage\":\"en-US\"},{\"@type\":\"Organization\",\"@id\":\"https:\\\/\\\/ri-sante.ch\\\/en\\\/#organization\",\"name\":\"R\u00e9seau Interdisciplinaire de Sant\u00e9 (RISA)\",\"alternateName\":\"R\u00e9seau Interdisciplinaire de Sant\u00e9 (RISA)\",\"url\":\"https:\\\/\\\/ri-sante.ch\\\/en\\\/\",\"logo\":{\"@type\":\"ImageObject\",\"inLanguage\":\"en-US\",\"@id\":\"https:\\\/\\\/ri-sante.ch\\\/en\\\/#\\\/schema\\\/logo\\\/image\\\/\",\"url\":\"https:\\\/\\\/ri-sante.ch\\\/wp-content\\\/uploads\\\/2023\\\/05\\\/Screenshot-2023-04-14-at-10.37.51.png\",\"contentUrl\":\"https:\\\/\\\/ri-sante.ch\\\/wp-content\\\/uploads\\\/2023\\\/05\\\/Screenshot-2023-04-14-at-10.37.51.png\",\"width\":516,\"height\":240,\"caption\":\"R\u00e9seau Interdisciplinaire de Sant\u00e9 (RISA)\"},\"image\":{\"@id\":\"https:\\\/\\\/ri-sante.ch\\\/en\\\/#\\\/schema\\\/logo\\\/image\\\/\"}},{\"@type\":\"Person\",\"@id\":\"https:\\\/\\\/ri-sante.ch\\\/en\\\/#\\\/schema\\\/person\\\/36be49a7ce1aab96688d50ed7b837959\",\"name\":\"Philippe Monnier\",\"image\":{\"@type\":\"ImageObject\",\"inLanguage\":\"en-US\",\"@id\":\"https:\\\/\\\/secure.gravatar.com\\\/avatar\\\/dfb2ea44809b4e221ba48605b1abe9eeef400642016f8cc86f30580d93d4d5f3?s=96&d=mm&r=g\",\"url\":\"https:\\\/\\\/secure.gravatar.com\\\/avatar\\\/dfb2ea44809b4e221ba48605b1abe9eeef400642016f8cc86f30580d93d4d5f3?s=96&d=mm&r=g\",\"contentUrl\":\"https:\\\/\\\/secure.gravatar.com\\\/avatar\\\/dfb2ea44809b4e221ba48605b1abe9eeef400642016f8cc86f30580d93d4d5f3?s=96&d=mm&r=g\",\"caption\":\"Philippe Monnier\"},\"url\":\"https:\\\/\\\/ri-sante.ch\\\/en\\\/author\\\/phmonnier\\\/\"}]}<\/script>\n<!-- \/ Yoast SEO plugin. -->","yoast_head_json":{"title":"M\u00e9ditation, m\u00e9decine et neurosciences - R\u00e9seau Interdisciplinaire de Sant\u00e9 (RISA)","robots":{"index":"index","follow":"follow","max-snippet":"max-snippet:-1","max-image-preview":"max-image-preview:large","max-video-preview":"max-video-preview:-1"},"canonical":"https:\/\/ri-sante.ch\/en\/meditation-medecine-et-neurosciences\/","og_locale":"en_US","og_type":"article","og_title":"M\u00e9ditation, m\u00e9decine et neurosciences - R\u00e9seau Interdisciplinaire de Sant\u00e9 (RISA)","og_description":"Christophe Andr\u00e9 &#8211; \u00c9tudes 2018\/12 (D\u00e9cembre) \u00c9ditions SER","og_url":"https:\/\/ri-sante.ch\/en\/meditation-medecine-et-neurosciences\/","og_site_name":"R\u00e9seau Interdisciplinaire de Sant\u00e9 (RISA)","article_published_time":"2023-11-06T17:51:59+00:00","article_modified_time":"2023-11-10T07:14:05+00:00","og_image":[{"width":1280,"height":721,"url":"https:\/\/ri-sante.ch\/wp-content\/uploads\/2023\/11\/pexels-rainer-eck-6867682-e1699598627626.jpg","type":"image\/jpeg"}],"author":"Philippe Monnier","twitter_card":"summary_large_image","twitter_misc":{"Written by":"Philippe Monnier","Est. reading time":"1 minute"},"schema":{"@context":"https:\/\/schema.org","@graph":[{"@type":"Article","@id":"https:\/\/ri-sante.ch\/en\/meditation-medecine-et-neurosciences\/#article","isPartOf":{"@id":"https:\/\/ri-sante.ch\/en\/meditation-medecine-et-neurosciences\/"},"author":{"name":"Philippe Monnier","@id":"https:\/\/ri-sante.ch\/en\/#\/schema\/person\/36be49a7ce1aab96688d50ed7b837959"},"headline":"M\u00e9ditation, m\u00e9decine et neurosciences","datePublished":"2023-11-06T17:51:59+00:00","dateModified":"2023-11-10T07:14:05+00:00","mainEntityOfPage":{"@id":"https:\/\/ri-sante.ch\/en\/meditation-medecine-et-neurosciences\/"},"wordCount":19,"commentCount":0,"publisher":{"@id":"https:\/\/ri-sante.ch\/en\/#organization"},"image":{"@id":"https:\/\/ri-sante.ch\/en\/meditation-medecine-et-neurosciences\/#primaryimage"},"thumbnailUrl":"https:\/\/ri-sante.ch\/wp-content\/uploads\/2023\/11\/pexels-rainer-eck-6867682-e1699598627626.jpg","articleSection":["M\u00e9dical"],"inLanguage":"en-US","potentialAction":[{"@type":"CommentAction","name":"Comment","target":["https:\/\/ri-sante.ch\/en\/meditation-medecine-et-neurosciences\/#respond"]}]},{"@type":"WebPage","@id":"https:\/\/ri-sante.ch\/en\/meditation-medecine-et-neurosciences\/","url":"https:\/\/ri-sante.ch\/en\/meditation-medecine-et-neurosciences\/","name":"M\u00e9ditation, m\u00e9decine et neurosciences - R\u00e9seau Interdisciplinaire de Sant\u00e9 (RISA)","isPartOf":{"@id":"https:\/\/ri-sante.ch\/en\/#website"},"primaryImageOfPage":{"@id":"https:\/\/ri-sante.ch\/en\/meditation-medecine-et-neurosciences\/#primaryimage"},"image":{"@id":"https:\/\/ri-sante.ch\/en\/meditation-medecine-et-neurosciences\/#primaryimage"},"thumbnailUrl":"https:\/\/ri-sante.ch\/wp-content\/uploads\/2023\/11\/pexels-rainer-eck-6867682-e1699598627626.jpg","datePublished":"2023-11-06T17:51:59+00:00","dateModified":"2023-11-10T07:14:05+00:00","breadcrumb":{"@id":"https:\/\/ri-sante.ch\/en\/meditation-medecine-et-neurosciences\/#breadcrumb"},"inLanguage":"en-US","potentialAction":[{"@type":"ReadAction","target":["https:\/\/ri-sante.ch\/en\/meditation-medecine-et-neurosciences\/"]}]},{"@type":"ImageObject","inLanguage":"en-US","@id":"https:\/\/ri-sante.ch\/en\/meditation-medecine-et-neurosciences\/#primaryimage","url":"https:\/\/ri-sante.ch\/wp-content\/uploads\/2023\/11\/pexels-rainer-eck-6867682-e1699598627626.jpg","contentUrl":"https:\/\/ri-sante.ch\/wp-content\/uploads\/2023\/11\/pexels-rainer-eck-6867682-e1699598627626.jpg","width":1280,"height":721},{"@type":"BreadcrumbList","@id":"https:\/\/ri-sante.ch\/en\/meditation-medecine-et-neurosciences\/#breadcrumb","itemListElement":[{"@type":"ListItem","position":1,"name":"Home","item":"https:\/\/ri-sante.ch\/en\/home\/"},{"@type":"ListItem","position":2,"name":"M\u00e9ditation, m\u00e9decine et neurosciences"}]},{"@type":"WebSite","@id":"https:\/\/ri-sante.ch\/en\/#website","url":"https:\/\/ri-sante.ch\/en\/","name":"R\u00e9seau Interdisciplinaire de Sant\u00e9 (RISA)","description":"RISA - L&#039;expertise de la m\u00e9decine int\u00e9grative pour une sant\u00e9 globale optimale.","publisher":{"@id":"https:\/\/ri-sante.ch\/en\/#organization"},"potentialAction":[{"@type":"SearchAction","target":{"@type":"EntryPoint","urlTemplate":"https:\/\/ri-sante.ch\/en\/?s={search_term_string}"},"query-input":{"@type":"PropertyValueSpecification","valueRequired":true,"valueName":"search_term_string"}}],"inLanguage":"en-US"},{"@type":"Organization","@id":"https:\/\/ri-sante.ch\/en\/#organization","name":"R\u00e9seau Interdisciplinaire de Sant\u00e9 (RISA)","alternateName":"R\u00e9seau Interdisciplinaire de Sant\u00e9 (RISA)","url":"https:\/\/ri-sante.ch\/en\/","logo":{"@type":"ImageObject","inLanguage":"en-US","@id":"https:\/\/ri-sante.ch\/en\/#\/schema\/logo\/image\/","url":"https:\/\/ri-sante.ch\/wp-content\/uploads\/2023\/05\/Screenshot-2023-04-14-at-10.37.51.png","contentUrl":"https:\/\/ri-sante.ch\/wp-content\/uploads\/2023\/05\/Screenshot-2023-04-14-at-10.37.51.png","width":516,"height":240,"caption":"R\u00e9seau Interdisciplinaire de Sant\u00e9 (RISA)"},"image":{"@id":"https:\/\/ri-sante.ch\/en\/#\/schema\/logo\/image\/"}},{"@type":"Person","@id":"https:\/\/ri-sante.ch\/en\/#\/schema\/person\/36be49a7ce1aab96688d50ed7b837959","name":"Philippe Monnier","image":{"@type":"ImageObject","inLanguage":"en-US","@id":"https:\/\/secure.gravatar.com\/avatar\/dfb2ea44809b4e221ba48605b1abe9eeef400642016f8cc86f30580d93d4d5f3?s=96&d=mm&r=g","url":"https:\/\/secure.gravatar.com\/avatar\/dfb2ea44809b4e221ba48605b1abe9eeef400642016f8cc86f30580d93d4d5f3?s=96&d=mm&r=g","contentUrl":"https:\/\/secure.gravatar.com\/avatar\/dfb2ea44809b4e221ba48605b1abe9eeef400642016f8cc86f30580d93d4d5f3?s=96&d=mm&r=g","caption":"Philippe Monnier"},"url":"https:\/\/ri-sante.ch\/en\/author\/phmonnier\/"}]}},"_links":{"self":[{"href":"https:\/\/ri-sante.ch\/en\/wp-json\/wp\/v2\/posts\/30055","targetHints":{"allow":["GET"]}}],"collection":[{"href":"https:\/\/ri-sante.ch\/en\/wp-json\/wp\/v2\/posts"}],"about":[{"href":"https:\/\/ri-sante.ch\/en\/wp-json\/wp\/v2\/types\/post"}],"author":[{"embeddable":true,"href":"https:\/\/ri-sante.ch\/en\/wp-json\/wp\/v2\/users\/2"}],"replies":[{"embeddable":true,"href":"https:\/\/ri-sante.ch\/en\/wp-json\/wp\/v2\/comments?post=30055"}],"version-history":[{"count":8,"href":"https:\/\/ri-sante.ch\/en\/wp-json\/wp\/v2\/posts\/30055\/revisions"}],"predecessor-version":[{"id":30099,"href":"https:\/\/ri-sante.ch\/en\/wp-json\/wp\/v2\/posts\/30055\/revisions\/30099"}],"wp:featuredmedia":[{"embeddable":true,"href":"https:\/\/ri-sante.ch\/en\/wp-json\/wp\/v2\/media\/30072"}],"wp:attachment":[{"href":"https:\/\/ri-sante.ch\/en\/wp-json\/wp\/v2\/media?parent=30055"}],"wp:term":[{"taxonomy":"category","embeddable":true,"href":"https:\/\/ri-sante.ch\/en\/wp-json\/wp\/v2\/categories?post=30055"},{"taxonomy":"post_tag","embeddable":true,"href":"https:\/\/ri-sante.ch\/en\/wp-json\/wp\/v2\/tags?post=30055"}],"curies":[{"name":"wp","href":"https:\/\/api.w.org\/{rel}","templated":true}]}}