{"id":29543,"date":"2023-05-24T11:37:43","date_gmt":"2023-05-24T09:37:43","guid":{"rendered":"https:\/\/ri-sante.ch\/?p=29543"},"modified":"2023-11-07T10:36:13","modified_gmt":"2023-11-07T09:36:13","slug":"conference-publique-19-octobre-2023","status":"publish","type":"post","link":"https:\/\/ri-sante.ch\/en\/conference-publique-19-octobre-2023\/","title":{"rendered":"Formation continue pour les membres du r\u00e9seau 19 Octobre 2023"},"content":{"rendered":"\n<div style=\"height:29px\" aria-hidden=\"true\" class=\"wp-block-spacer\"><\/div>\n\n\n\n<h2 class=\"wp-block-heading has-text-align-center\">\u00abM\u00e9decine Fonctionnelle Int\u00e9grative, : entre mythe et r\u00e9alit\u00e9 \u00bb<\/h2>\n\n\n\n<div style=\"height:32px\" aria-hidden=\"true\" class=\"wp-block-spacer\"><\/div>\n\n\n\n<p class=\"has-text-align-center\">C&#8217;est autour de cette th\u00e9matique que s&#8217;est d\u00e9roul\u00e9e cette soir\u00e9e en pr\u00e9sence d&#8217;une large majorit\u00e9 de nos membres.<\/p>\n\n\n\n<p class=\"has-text-align-center\">Apr\u00e8s une br\u00e8ve introduction par les membres du comit\u00e9, Mmes Julie SANTONI et Aleya SUNDERJI nous ont pr\u00e9sent\u00e9 leurs activit\u00e9s, respectivement l&#8217;hypnose th\u00e9rapeutique et le Shiatsu-Doin.<\/p>\n\n\n\n<p class=\"has-text-align-center\">M. Eug\u00e8ne DUVILLARD quant \u00e0 lui nous a expos\u00e9 un aper\u00e7u de la Vision Therapy, soit le traitement des troubles de l&#8217;efficience binoculaire.<\/p>\n\n\n\n<p class=\"has-text-align-center\">Puis un tour de table a permis \u00e0 chacun.e de pr\u00e9ciser les sp\u00e9cificit\u00e9s des sa sp\u00e9cialisation, le partage v\u00e9cu au sein du RISA, ses attentes.<\/p>\n\n\n\n<p class=\"has-text-align-center\">Cette premi\u00e8re soir\u00e9e de formation continue a contribu\u00e9 \u00e0 souder les liens entre tous les th\u00e9rapeutes, \u00e0 pr\u00e9ciser les modes de communications \u00e0 l&#8217;interne, les limites de chacun.e, enfin \u00e0 affiner l\u2019\u00e9thique du RISA \u00e0 l&#8217;\u00e9gard de nos patients afin de leur permettre d&#8217;\u00eatre guid\u00e9s vers des soins approfondis, individualis\u00e9s, coordonn\u00e9s et bienveillants.<\/p>\n\n\n\n<p class=\"has-text-align-center\">Afin que le mythe devienne la r\u00e9alit\u00e9 de notre ADN.<\/p>\n\n\n\n<p class=\"has-text-align-center\">Un buffet-d\u00eenatoire g\u00e9n\u00e9reusement offert par le Laboratoire Dr. Risch a cl\u00f4tur\u00e9 cette rencontre pleine d&#8217;enthousiasme.<\/p>\n\n\n\n<p class=\"has-text-align-center\"><\/p>\n\n\n\n<div style=\"height:34px\" aria-hidden=\"true\" class=\"wp-block-spacer\"><\/div>\n\n\n\n<p class=\"has-text-align-center\">Centre-Esp\u00e9rance<\/p>\n\n\n\n<p class=\"has-text-align-center\">Rue de la Chapelle 8<\/p>\n\n\n\n<p class=\"has-text-align-center\">1207 Gen\u00e8ve<\/p>\n\n\n\n<div style=\"height:69px\" aria-hidden=\"true\" class=\"wp-block-spacer\"><\/div>\n\n\n\n<div style=\"height:32px\" aria-hidden=\"true\" class=\"wp-block-spacer\"><\/div>\n\n\n\n<figure class=\"wp-block-image aligncenter size-full is-resized\"><img loading=\"lazy\" decoding=\"async\" width=\"762\" height=\"206\" src=\"https:\/\/ri-sante.ch\/wp-content\/uploads\/2023\/05\/Screenshot-2023-05-29-at-08.58.52.png\" alt=\"\" class=\"wp-image-29632\" style=\"width:167px;height:45px\" srcset=\"https:\/\/ri-sante.ch\/wp-content\/uploads\/2023\/05\/Screenshot-2023-05-29-at-08.58.52.png 762w, https:\/\/ri-sante.ch\/wp-content\/uploads\/2023\/05\/Screenshot-2023-05-29-at-08.58.52-480x130.png 480w\" sizes=\"(min-width: 0px) and (max-width: 480px) 480px, (min-width: 481px) 762px, 100vw\" \/><\/figure>\n","protected":false},"excerpt":{"rendered":"<p>\u00abM\u00e9decine Fonctionnelle Int\u00e9grative, : entre mythe et r\u00e9alit\u00e9 \u00bb C&#8217;est autour de cette th\u00e9matique que s&#8217;est d\u00e9roul\u00e9e cette soir\u00e9e en pr\u00e9sence d&#8217;une large majorit\u00e9 de nos membres. Apr\u00e8s une br\u00e8ve introduction par les membres du comit\u00e9, Mmes Julie SANTONI et Aleya SUNDERJI nous ont pr\u00e9sent\u00e9 leurs activit\u00e9s, respectivement l&#8217;hypnose th\u00e9rapeutique et le Shiatsu-Doin. M. Eug\u00e8ne [&hellip;]<\/p>\n","protected":false},"author":1,"featured_media":29580,"comment_status":"open","ping_status":"open","sticky":false,"template":"","format":"standard","meta":{"_et_pb_use_builder":"off","_et_pb_old_content":"<!-- wp:paragraph -->\n<p><\/p>\n<!-- \/wp:paragraph -->\n\n<!-- wp:paragraph {\"align\":\"center\"} -->\n<p class=\"has-text-align-center\">Nous vous invitons \u00e0 nous joindre le <strong>Jeudi 19 Octobre 2023<\/strong> pour une conf\u00e9rence publique sur la <\/p>\n<!-- \/wp:paragraph -->\n\n<!-- wp:spacer {\"height\":\"22px\"} -->\n<div style=\"height:22px\" aria-hidden=\"true\" class=\"wp-block-spacer\"><\/div>\n<!-- \/wp:spacer -->\n\n<!-- wp:heading {\"textAlign\":\"center\"} -->\n<h2 class=\"wp-block-heading has-text-align-center\">\u00ab Introduction \u00e0 la M\u00e9decine Fonctionnelle et la Micronutrition \u00bb<\/h2>\n<!-- \/wp:heading -->\n\n<!-- wp:heading {\"textAlign\":\"center\",\"level\":3} -->\n<h3 class=\"wp-block-heading has-text-align-center\">18h30<\/h3>\n<!-- \/wp:heading -->\n\n<!-- wp:heading {\"textAlign\":\"center\",\"level\":3} -->\n<h3 class=\"wp-block-heading has-text-align-center\"><strong>Jeudi 19 Octobre 2023<\/strong><\/h3>\n<!-- \/wp:heading -->\n\n<!-- wp:spacer {\"height\":\"34px\"} -->\n<div style=\"height:34px\" aria-hidden=\"true\" class=\"wp-block-spacer\"><\/div>\n<!-- \/wp:spacer -->\n\n<!-- wp:paragraph {\"align\":\"center\"} -->\n<p class=\"has-text-align-center\">Centre-Esp\u00e9rance<\/p>\n<!-- \/wp:paragraph -->\n\n<!-- wp:paragraph {\"align\":\"center\"} -->\n<p class=\"has-text-align-center\">Rue de la Chapelle 8<\/p>\n<!-- \/wp:paragraph -->\n\n<!-- wp:paragraph {\"align\":\"center\"} -->\n<p class=\"has-text-align-center\">1207 Gen\u00e8ve<\/p>\n<!-- \/wp:paragraph -->\n\n<!-- wp:spacer {\"height\":\"69px\"} -->\n<div style=\"height:69px\" aria-hidden=\"true\" class=\"wp-block-spacer\"><\/div>\n<!-- \/wp:spacer -->\n\n<!-- wp:heading {\"textAlign\":\"center\",\"level\":5} -->\n<h5 class=\"wp-block-heading has-text-align-center\">En partenariat avec le R\u00e9seau Sant\u00e9 Agile<\/h5>\n<!-- \/wp:heading -->\n\n<!-- wp:paragraph -->\n<p><\/p>\n<!-- \/wp:paragraph -->","_et_gb_content_width":"","footnotes":""},"categories":[16],"tags":[],"class_list":["post-29543","post","type-post","status-publish","format-standard","has-post-thumbnail","hentry","category-evenements"],"yoast_head":"<!-- This site is optimized with the Yoast SEO plugin v27.4 - https:\/\/yoast.com\/product\/yoast-seo-wordpress\/ -->\n<title>Formation continue pour les membres du r\u00e9seau 19 Octobre 2023 - R\u00e9seau Interdisciplinaire de Sant\u00e9 (RISA)<\/title>\n<meta name=\"robots\" content=\"index, follow, max-snippet:-1, max-image-preview:large, max-video-preview:-1\" \/>\n<link rel=\"canonical\" href=\"https:\/\/ri-sante.ch\/en\/conference-publique-19-octobre-2023\/\" \/>\n<meta property=\"og:locale\" content=\"en_US\" \/>\n<meta property=\"og:type\" content=\"article\" \/>\n<meta property=\"og:title\" content=\"Formation continue pour les membres du r\u00e9seau 19 Octobre 2023 - R\u00e9seau Interdisciplinaire de Sant\u00e9 (RISA)\" \/>\n<meta property=\"og:description\" content=\"\u00abM\u00e9decine Fonctionnelle Int\u00e9grative, : entre mythe et r\u00e9alit\u00e9 \u00bb C&#8217;est autour de cette th\u00e9matique que s&#8217;est d\u00e9roul\u00e9e cette soir\u00e9e en pr\u00e9sence d&#8217;une large majorit\u00e9 de nos membres. Apr\u00e8s une br\u00e8ve introduction par les membres du comit\u00e9, Mmes Julie SANTONI et Aleya SUNDERJI nous ont pr\u00e9sent\u00e9 leurs activit\u00e9s, respectivement l&#8217;hypnose th\u00e9rapeutique et le Shiatsu-Doin. M. Eug\u00e8ne [&hellip;]\" \/>\n<meta property=\"og:url\" content=\"https:\/\/ri-sante.ch\/en\/conference-publique-19-octobre-2023\/\" \/>\n<meta property=\"og:site_name\" content=\"R\u00e9seau Interdisciplinaire de Sant\u00e9 (RISA)\" \/>\n<meta property=\"article:published_time\" content=\"2023-05-24T09:37:43+00:00\" \/>\n<meta property=\"article:modified_time\" content=\"2023-11-07T09:36:13+00:00\" \/>\n<meta property=\"og:image\" content=\"https:\/\/ri-sante.ch\/wp-content\/uploads\/2023\/05\/81201B1C-31E6-4553-B460-EADEA400D5DE_1_105_c-1.jpeg\" \/>\n\t<meta property=\"og:image:width\" content=\"1272\" \/>\n\t<meta property=\"og:image:height\" content=\"617\" \/>\n\t<meta property=\"og:image:type\" content=\"image\/jpeg\" \/>\n<meta name=\"author\" content=\"admin\" \/>\n<meta name=\"twitter:card\" content=\"summary_large_image\" \/>\n<meta name=\"twitter:label1\" content=\"Written by\" \/>\n\t<meta name=\"twitter:data1\" content=\"admin\" \/>\n\t<meta name=\"twitter:label2\" content=\"Est. reading time\" \/>\n\t<meta name=\"twitter:data2\" content=\"2 minutes\" \/>\n<script type=\"application\/ld+json\" class=\"yoast-schema-graph\">{\"@context\":\"https:\\\/\\\/schema.org\",\"@graph\":[{\"@type\":\"Article\",\"@id\":\"https:\\\/\\\/ri-sante.ch\\\/en\\\/conference-publique-19-octobre-2023\\\/#article\",\"isPartOf\":{\"@id\":\"https:\\\/\\\/ri-sante.ch\\\/en\\\/conference-publique-19-octobre-2023\\\/\"},\"author\":{\"name\":\"admin\",\"@id\":\"https:\\\/\\\/ri-sante.ch\\\/en\\\/#\\\/schema\\\/person\\\/499a2262a7f39e5f9999ef9e55e5145e\"},\"headline\":\"Formation continue pour les membres du r\u00e9seau 19 Octobre 2023\",\"datePublished\":\"2023-05-24T09:37:43+00:00\",\"dateModified\":\"2023-11-07T09:36:13+00:00\",\"mainEntityOfPage\":{\"@id\":\"https:\\\/\\\/ri-sante.ch\\\/en\\\/conference-publique-19-octobre-2023\\\/\"},\"wordCount\":231,\"commentCount\":0,\"publisher\":{\"@id\":\"https:\\\/\\\/ri-sante.ch\\\/en\\\/#organization\"},\"image\":{\"@id\":\"https:\\\/\\\/ri-sante.ch\\\/en\\\/conference-publique-19-octobre-2023\\\/#primaryimage\"},\"thumbnailUrl\":\"https:\\\/\\\/ri-sante.ch\\\/wp-content\\\/uploads\\\/2023\\\/05\\\/81201B1C-31E6-4553-B460-EADEA400D5DE_1_105_c-1.jpeg\",\"articleSection\":[\"\u00c9v\u00e9nements\"],\"inLanguage\":\"en-US\",\"potentialAction\":[{\"@type\":\"CommentAction\",\"name\":\"Comment\",\"target\":[\"https:\\\/\\\/ri-sante.ch\\\/en\\\/conference-publique-19-octobre-2023\\\/#respond\"]}]},{\"@type\":\"WebPage\",\"@id\":\"https:\\\/\\\/ri-sante.ch\\\/en\\\/conference-publique-19-octobre-2023\\\/\",\"url\":\"https:\\\/\\\/ri-sante.ch\\\/en\\\/conference-publique-19-octobre-2023\\\/\",\"name\":\"Formation continue pour les membres du r\u00e9seau 19 Octobre 2023 - R\u00e9seau Interdisciplinaire de Sant\u00e9 (RISA)\",\"isPartOf\":{\"@id\":\"https:\\\/\\\/ri-sante.ch\\\/en\\\/#website\"},\"primaryImageOfPage\":{\"@id\":\"https:\\\/\\\/ri-sante.ch\\\/en\\\/conference-publique-19-octobre-2023\\\/#primaryimage\"},\"image\":{\"@id\":\"https:\\\/\\\/ri-sante.ch\\\/en\\\/conference-publique-19-octobre-2023\\\/#primaryimage\"},\"thumbnailUrl\":\"https:\\\/\\\/ri-sante.ch\\\/wp-content\\\/uploads\\\/2023\\\/05\\\/81201B1C-31E6-4553-B460-EADEA400D5DE_1_105_c-1.jpeg\",\"datePublished\":\"2023-05-24T09:37:43+00:00\",\"dateModified\":\"2023-11-07T09:36:13+00:00\",\"breadcrumb\":{\"@id\":\"https:\\\/\\\/ri-sante.ch\\\/en\\\/conference-publique-19-octobre-2023\\\/#breadcrumb\"},\"inLanguage\":\"en-US\",\"potentialAction\":[{\"@type\":\"ReadAction\",\"target\":[\"https:\\\/\\\/ri-sante.ch\\\/en\\\/conference-publique-19-octobre-2023\\\/\"]}]},{\"@type\":\"ImageObject\",\"inLanguage\":\"en-US\",\"@id\":\"https:\\\/\\\/ri-sante.ch\\\/en\\\/conference-publique-19-octobre-2023\\\/#primaryimage\",\"url\":\"https:\\\/\\\/ri-sante.ch\\\/wp-content\\\/uploads\\\/2023\\\/05\\\/81201B1C-31E6-4553-B460-EADEA400D5DE_1_105_c-1.jpeg\",\"contentUrl\":\"https:\\\/\\\/ri-sante.ch\\\/wp-content\\\/uploads\\\/2023\\\/05\\\/81201B1C-31E6-4553-B460-EADEA400D5DE_1_105_c-1.jpeg\",\"width\":1272,\"height\":617},{\"@type\":\"BreadcrumbList\",\"@id\":\"https:\\\/\\\/ri-sante.ch\\\/en\\\/conference-publique-19-octobre-2023\\\/#breadcrumb\",\"itemListElement\":[{\"@type\":\"ListItem\",\"position\":1,\"name\":\"Home\",\"item\":\"https:\\\/\\\/ri-sante.ch\\\/en\\\/home\\\/\"},{\"@type\":\"ListItem\",\"position\":2,\"name\":\"Formation continue pour les membres du r\u00e9seau 19 Octobre 2023\"}]},{\"@type\":\"WebSite\",\"@id\":\"https:\\\/\\\/ri-sante.ch\\\/en\\\/#website\",\"url\":\"https:\\\/\\\/ri-sante.ch\\\/en\\\/\",\"name\":\"R\u00e9seau Interdisciplinaire de Sant\u00e9 (RISA)\",\"description\":\"RISA - L&#039;expertise de la m\u00e9decine int\u00e9grative pour une sant\u00e9 globale optimale.\",\"publisher\":{\"@id\":\"https:\\\/\\\/ri-sante.ch\\\/en\\\/#organization\"},\"potentialAction\":[{\"@type\":\"SearchAction\",\"target\":{\"@type\":\"EntryPoint\",\"urlTemplate\":\"https:\\\/\\\/ri-sante.ch\\\/en\\\/?s={search_term_string}\"},\"query-input\":{\"@type\":\"PropertyValueSpecification\",\"valueRequired\":true,\"valueName\":\"search_term_string\"}}],\"inLanguage\":\"en-US\"},{\"@type\":\"Organization\",\"@id\":\"https:\\\/\\\/ri-sante.ch\\\/en\\\/#organization\",\"name\":\"R\u00e9seau Interdisciplinaire de Sant\u00e9 (RISA)\",\"alternateName\":\"R\u00e9seau Interdisciplinaire de Sant\u00e9 (RISA)\",\"url\":\"https:\\\/\\\/ri-sante.ch\\\/en\\\/\",\"logo\":{\"@type\":\"ImageObject\",\"inLanguage\":\"en-US\",\"@id\":\"https:\\\/\\\/ri-sante.ch\\\/en\\\/#\\\/schema\\\/logo\\\/image\\\/\",\"url\":\"https:\\\/\\\/ri-sante.ch\\\/wp-content\\\/uploads\\\/2023\\\/05\\\/Screenshot-2023-04-14-at-10.37.51.png\",\"contentUrl\":\"https:\\\/\\\/ri-sante.ch\\\/wp-content\\\/uploads\\\/2023\\\/05\\\/Screenshot-2023-04-14-at-10.37.51.png\",\"width\":516,\"height\":240,\"caption\":\"R\u00e9seau Interdisciplinaire de Sant\u00e9 (RISA)\"},\"image\":{\"@id\":\"https:\\\/\\\/ri-sante.ch\\\/en\\\/#\\\/schema\\\/logo\\\/image\\\/\"}},{\"@type\":\"Person\",\"@id\":\"https:\\\/\\\/ri-sante.ch\\\/en\\\/#\\\/schema\\\/person\\\/499a2262a7f39e5f9999ef9e55e5145e\",\"name\":\"admin\",\"image\":{\"@type\":\"ImageObject\",\"inLanguage\":\"en-US\",\"@id\":\"https:\\\/\\\/secure.gravatar.com\\\/avatar\\\/42041b1812618d0dc92ccea395cdb183f6914dcce1552d090e2669ed618dabae?s=96&d=mm&r=g\",\"url\":\"https:\\\/\\\/secure.gravatar.com\\\/avatar\\\/42041b1812618d0dc92ccea395cdb183f6914dcce1552d090e2669ed618dabae?s=96&d=mm&r=g\",\"contentUrl\":\"https:\\\/\\\/secure.gravatar.com\\\/avatar\\\/42041b1812618d0dc92ccea395cdb183f6914dcce1552d090e2669ed618dabae?s=96&d=mm&r=g\",\"caption\":\"admin\"},\"sameAs\":[\"http:\\\/\\\/ri-sante.ch\"],\"url\":\"https:\\\/\\\/ri-sante.ch\\\/en\\\/author\\\/admin\\\/\"}]}<\/script>\n<!-- \/ Yoast SEO plugin. -->","yoast_head_json":{"title":"Formation continue pour les membres du r\u00e9seau 19 Octobre 2023 - R\u00e9seau Interdisciplinaire de Sant\u00e9 (RISA)","robots":{"index":"index","follow":"follow","max-snippet":"max-snippet:-1","max-image-preview":"max-image-preview:large","max-video-preview":"max-video-preview:-1"},"canonical":"https:\/\/ri-sante.ch\/en\/conference-publique-19-octobre-2023\/","og_locale":"en_US","og_type":"article","og_title":"Formation continue pour les membres du r\u00e9seau 19 Octobre 2023 - R\u00e9seau Interdisciplinaire de Sant\u00e9 (RISA)","og_description":"\u00abM\u00e9decine Fonctionnelle Int\u00e9grative, : entre mythe et r\u00e9alit\u00e9 \u00bb C&#8217;est autour de cette th\u00e9matique que s&#8217;est d\u00e9roul\u00e9e cette soir\u00e9e en pr\u00e9sence d&#8217;une large majorit\u00e9 de nos membres. Apr\u00e8s une br\u00e8ve introduction par les membres du comit\u00e9, Mmes Julie SANTONI et Aleya SUNDERJI nous ont pr\u00e9sent\u00e9 leurs activit\u00e9s, respectivement l&#8217;hypnose th\u00e9rapeutique et le Shiatsu-Doin. M. Eug\u00e8ne [&hellip;]","og_url":"https:\/\/ri-sante.ch\/en\/conference-publique-19-octobre-2023\/","og_site_name":"R\u00e9seau Interdisciplinaire de Sant\u00e9 (RISA)","article_published_time":"2023-05-24T09:37:43+00:00","article_modified_time":"2023-11-07T09:36:13+00:00","og_image":[{"width":1272,"height":617,"url":"https:\/\/ri-sante.ch\/wp-content\/uploads\/2023\/05\/81201B1C-31E6-4553-B460-EADEA400D5DE_1_105_c-1.jpeg","type":"image\/jpeg"}],"author":"admin","twitter_card":"summary_large_image","twitter_misc":{"Written by":"admin","Est. reading time":"2 minutes"},"schema":{"@context":"https:\/\/schema.org","@graph":[{"@type":"Article","@id":"https:\/\/ri-sante.ch\/en\/conference-publique-19-octobre-2023\/#article","isPartOf":{"@id":"https:\/\/ri-sante.ch\/en\/conference-publique-19-octobre-2023\/"},"author":{"name":"admin","@id":"https:\/\/ri-sante.ch\/en\/#\/schema\/person\/499a2262a7f39e5f9999ef9e55e5145e"},"headline":"Formation continue pour les membres du r\u00e9seau 19 Octobre 2023","datePublished":"2023-05-24T09:37:43+00:00","dateModified":"2023-11-07T09:36:13+00:00","mainEntityOfPage":{"@id":"https:\/\/ri-sante.ch\/en\/conference-publique-19-octobre-2023\/"},"wordCount":231,"commentCount":0,"publisher":{"@id":"https:\/\/ri-sante.ch\/en\/#organization"},"image":{"@id":"https:\/\/ri-sante.ch\/en\/conference-publique-19-octobre-2023\/#primaryimage"},"thumbnailUrl":"https:\/\/ri-sante.ch\/wp-content\/uploads\/2023\/05\/81201B1C-31E6-4553-B460-EADEA400D5DE_1_105_c-1.jpeg","articleSection":["\u00c9v\u00e9nements"],"inLanguage":"en-US","potentialAction":[{"@type":"CommentAction","name":"Comment","target":["https:\/\/ri-sante.ch\/en\/conference-publique-19-octobre-2023\/#respond"]}]},{"@type":"WebPage","@id":"https:\/\/ri-sante.ch\/en\/conference-publique-19-octobre-2023\/","url":"https:\/\/ri-sante.ch\/en\/conference-publique-19-octobre-2023\/","name":"Formation continue pour les membres du r\u00e9seau 19 Octobre 2023 - R\u00e9seau Interdisciplinaire de Sant\u00e9 (RISA)","isPartOf":{"@id":"https:\/\/ri-sante.ch\/en\/#website"},"primaryImageOfPage":{"@id":"https:\/\/ri-sante.ch\/en\/conference-publique-19-octobre-2023\/#primaryimage"},"image":{"@id":"https:\/\/ri-sante.ch\/en\/conference-publique-19-octobre-2023\/#primaryimage"},"thumbnailUrl":"https:\/\/ri-sante.ch\/wp-content\/uploads\/2023\/05\/81201B1C-31E6-4553-B460-EADEA400D5DE_1_105_c-1.jpeg","datePublished":"2023-05-24T09:37:43+00:00","dateModified":"2023-11-07T09:36:13+00:00","breadcrumb":{"@id":"https:\/\/ri-sante.ch\/en\/conference-publique-19-octobre-2023\/#breadcrumb"},"inLanguage":"en-US","potentialAction":[{"@type":"ReadAction","target":["https:\/\/ri-sante.ch\/en\/conference-publique-19-octobre-2023\/"]}]},{"@type":"ImageObject","inLanguage":"en-US","@id":"https:\/\/ri-sante.ch\/en\/conference-publique-19-octobre-2023\/#primaryimage","url":"https:\/\/ri-sante.ch\/wp-content\/uploads\/2023\/05\/81201B1C-31E6-4553-B460-EADEA400D5DE_1_105_c-1.jpeg","contentUrl":"https:\/\/ri-sante.ch\/wp-content\/uploads\/2023\/05\/81201B1C-31E6-4553-B460-EADEA400D5DE_1_105_c-1.jpeg","width":1272,"height":617},{"@type":"BreadcrumbList","@id":"https:\/\/ri-sante.ch\/en\/conference-publique-19-octobre-2023\/#breadcrumb","itemListElement":[{"@type":"ListItem","position":1,"name":"Home","item":"https:\/\/ri-sante.ch\/en\/home\/"},{"@type":"ListItem","position":2,"name":"Formation continue pour les membres du r\u00e9seau 19 Octobre 2023"}]},{"@type":"WebSite","@id":"https:\/\/ri-sante.ch\/en\/#website","url":"https:\/\/ri-sante.ch\/en\/","name":"R\u00e9seau Interdisciplinaire de Sant\u00e9 (RISA)","description":"RISA - L&#039;expertise de la m\u00e9decine int\u00e9grative pour une sant\u00e9 globale optimale.","publisher":{"@id":"https:\/\/ri-sante.ch\/en\/#organization"},"potentialAction":[{"@type":"SearchAction","target":{"@type":"EntryPoint","urlTemplate":"https:\/\/ri-sante.ch\/en\/?s={search_term_string}"},"query-input":{"@type":"PropertyValueSpecification","valueRequired":true,"valueName":"search_term_string"}}],"inLanguage":"en-US"},{"@type":"Organization","@id":"https:\/\/ri-sante.ch\/en\/#organization","name":"R\u00e9seau Interdisciplinaire de Sant\u00e9 (RISA)","alternateName":"R\u00e9seau Interdisciplinaire de Sant\u00e9 (RISA)","url":"https:\/\/ri-sante.ch\/en\/","logo":{"@type":"ImageObject","inLanguage":"en-US","@id":"https:\/\/ri-sante.ch\/en\/#\/schema\/logo\/image\/","url":"https:\/\/ri-sante.ch\/wp-content\/uploads\/2023\/05\/Screenshot-2023-04-14-at-10.37.51.png","contentUrl":"https:\/\/ri-sante.ch\/wp-content\/uploads\/2023\/05\/Screenshot-2023-04-14-at-10.37.51.png","width":516,"height":240,"caption":"R\u00e9seau Interdisciplinaire de Sant\u00e9 (RISA)"},"image":{"@id":"https:\/\/ri-sante.ch\/en\/#\/schema\/logo\/image\/"}},{"@type":"Person","@id":"https:\/\/ri-sante.ch\/en\/#\/schema\/person\/499a2262a7f39e5f9999ef9e55e5145e","name":"admin","image":{"@type":"ImageObject","inLanguage":"en-US","@id":"https:\/\/secure.gravatar.com\/avatar\/42041b1812618d0dc92ccea395cdb183f6914dcce1552d090e2669ed618dabae?s=96&d=mm&r=g","url":"https:\/\/secure.gravatar.com\/avatar\/42041b1812618d0dc92ccea395cdb183f6914dcce1552d090e2669ed618dabae?s=96&d=mm&r=g","contentUrl":"https:\/\/secure.gravatar.com\/avatar\/42041b1812618d0dc92ccea395cdb183f6914dcce1552d090e2669ed618dabae?s=96&d=mm&r=g","caption":"admin"},"sameAs":["http:\/\/ri-sante.ch"],"url":"https:\/\/ri-sante.ch\/en\/author\/admin\/"}]}},"_links":{"self":[{"href":"https:\/\/ri-sante.ch\/en\/wp-json\/wp\/v2\/posts\/29543","targetHints":{"allow":["GET"]}}],"collection":[{"href":"https:\/\/ri-sante.ch\/en\/wp-json\/wp\/v2\/posts"}],"about":[{"href":"https:\/\/ri-sante.ch\/en\/wp-json\/wp\/v2\/types\/post"}],"author":[{"embeddable":true,"href":"https:\/\/ri-sante.ch\/en\/wp-json\/wp\/v2\/users\/1"}],"replies":[{"embeddable":true,"href":"https:\/\/ri-sante.ch\/en\/wp-json\/wp\/v2\/comments?post=29543"}],"version-history":[{"count":41,"href":"https:\/\/ri-sante.ch\/en\/wp-json\/wp\/v2\/posts\/29543\/revisions"}],"predecessor-version":[{"id":30080,"href":"https:\/\/ri-sante.ch\/en\/wp-json\/wp\/v2\/posts\/29543\/revisions\/30080"}],"wp:featuredmedia":[{"embeddable":true,"href":"https:\/\/ri-sante.ch\/en\/wp-json\/wp\/v2\/media\/29580"}],"wp:attachment":[{"href":"https:\/\/ri-sante.ch\/en\/wp-json\/wp\/v2\/media?parent=29543"}],"wp:term":[{"taxonomy":"category","embeddable":true,"href":"https:\/\/ri-sante.ch\/en\/wp-json\/wp\/v2\/categories?post=29543"},{"taxonomy":"post_tag","embeddable":true,"href":"https:\/\/ri-sante.ch\/en\/wp-json\/wp\/v2\/tags?post=29543"}],"curies":[{"name":"wp","href":"https:\/\/api.w.org\/{rel}","templated":true}]}}